{"id":13625,"date":"2022-07-05T13:31:23","date_gmt":"2022-07-05T11:31:23","guid":{"rendered":"https:\/\/www.gridky.com\/blog\/?p=13625"},"modified":"2023-09-28T10:06:57","modified_gmt":"2023-09-28T08:06:57","slug":"tout-savoir-sur-lencadrement-des-loyers","status":"publish","type":"post","link":"https:\/\/www.gridky.com\/blog\/tout-savoir-sur-lencadrement-des-loyers\/","title":{"rendered":"Tout savoir sur l&rsquo;encadrement des loyers"},"content":{"rendered":"<h2>L\u2019indexation des loyers en cours du bail<\/h2>\n<p>Une clause de r\u00e9vision du loyer peut \u00eatre contenue dans le contrat de bail d\u2019une r\u00e9sidence principale meubl\u00e9e ou vide. En revanche, elle ne peut pas mettre en place une augmentation plus rapide que l\u2019indice de r\u00e9f\u00e9rence des loyers (IRL). Cet indice correspond \u00ab\u2009\u00e0 la moyenne, sur les 12 derniers mois, de l\u2019\u00e9volution des prix \u00e0 la consommation hors tabac et hors loyers\u2009\u00bb. Cette r\u00e9vision peut \u00eatre mise en place uniquement s&rsquo;il elle est pr\u00e9vue par le contrat de bail. Par ailleurs, <strong>L\u2019IRL utilis\u00e9 doit \u00eatre indiqu\u00e9<\/strong>. Cette r\u00e9vision intervient chaque ann\u00e9e \u00e0 la date convenue entre les parties ou \u00e0 d\u00e9faut \u00e0 la date anniversaire du bail. Dans le cas o\u00f9 le d\u00e9lai est d\u00e9pass\u00e9, le propri\u00e9taire est pr\u00e9sum\u00e9 avoir renonc\u00e9 \u00e0 cette r\u00e9vision pour l\u2019ann\u00e9e en cours. De plus, l\u2019augmentation du loyer ne peut jamais \u00eatre r\u00e9troactive.<\/p>\n<p>&nbsp;<\/p>\n<h3>Les zones tendues<\/h3>\n<p>Il existe \u00e0 ce jour <strong>vingt-huit agglom\u00e9rations concern\u00e9es par l\u2019encadrement des loyers<\/strong>. Elles sont toutes localis\u00e9es en zones dites tendues (Abis, A et B1). Les zones tendues repr\u00e9sentent les emplacements g\u00e9ographiques o\u00f9 les loyers sont souvent trop chers et les logements relativement rares. Dans ces secteurs, la loi du 1er juillet 1989 et les d\u00e9crets successifs pr\u00e9voient la r\u00e9gulation des loyers lors du renouvellement des baux ou de la relocation des biens.<\/p>\n<p>Dans le premier cas, une augmentation du loyer peut \u00eatre pr\u00e9vue par le propri\u00e9taire \u00e0 condition que celui-ci soit inf\u00e9rieur au prix du march\u00e9 et que <a href=\"https:\/\/www.gridky.com\/investissement-locatif\">son bien immobilier<\/a> respecte les crit\u00e8res de performance \u00e9nerg\u00e9tique.<\/p>\n<p>Dans le cas o\u00f9 le bien est remis en location dans un d\u00e9lai maximum de 18 mois, le loyer appliqu\u00e9 \u00e0 l\u2019ancien locataire ne peut pas en principe \u00eatre augment\u00e9. Des exceptions sont toutefois pr\u00e9vues :<\/p>\n<ul>\n<li>Lorsque le loyer n\u2019a pas \u00e9t\u00e9 modifi\u00e9 depuis 12 mois au moins ;<\/li>\n<li>Lorsque le bailleur a effectu\u00e9 des travaux (dans ce cas, l\u2019augmentation annuelle du plafond du loyer ne doit jamais d\u00e9passer 15 % de leur co\u00fbt total) ;<\/li>\n<li>Lorsque le loyer est inf\u00e9rieur au prix du march\u00e9.<\/li>\n<\/ul>\n<p>\u00c0 noter que, dans les deux derniers cas, l\u2019augmentation n\u2019est possible qu\u2019\u00e0 condition que la consommation en \u00e9nergie primaire du logement soit inf\u00e9rieure \u00e0 331 kWh par m\u00b2 et par an.<\/p>\n<p>&nbsp;<\/p>\n<p>D\u00e9couvrez une\u00a0<a href=\"https:\/\/www.gridky.com\/nous-contacter-pro\">d\u00e9monstration Gridky<\/a>\u00a0gratuite.<\/p>\n<p>&nbsp;<\/p>\n<p><img fetchpriority=\"high\" decoding=\"async\" class=\"thumb alignnone\" title=\"Tout savoir sur l'encadrement des loyers\" src=\"https:\/\/img.freepik.com\/photos-gratuite\/salon-scandinave-loft-rendu-3d-table-travail-etagere_105762-2094.jpg?t=st=1657010595~exp=1657011195~hmac=dcfb016e67828a17e7c961a20ee4c2d7087a70b379170f3860b23eb317e121df\" sizes=\"(max-width: 479px) 100vw, (min-aspect-ratio: 626\/417) calc((100vh - 184px) * 1.501199040767386), (max-width: 1095px) calc(100vw - 40px), calc(100vw - 540px)\" srcset=\"https:\/\/img.freepik.com\/photos-gratuite\/salon-scandinave-loft-rendu-3d-table-travail-etagere_105762-2094.jpg?t=st=1657010595~exp=1657011195~hmac=dcfb016e67828a17e7c961a20ee4c2d7087a70b379170f3860b23eb317e121df&amp;w=360 360w, https:\/\/img.freepik.com\/photos-gratuite\/salon-scandinave-loft-rendu-3d-table-travail-etagere_105762-2094.jpg?t=st=1657010595~exp=1657011195~hmac=dcfb016e67828a17e7c961a20ee4c2d7087a70b379170f3860b23eb317e121df&amp;w=740 740w, https:\/\/img.freepik.com\/photos-gratuite\/salon-scandinave-loft-rendu-3d-table-travail-etagere_105762-2094.jpg?t=st=1657010595~exp=1657011195~hmac=dcfb016e67828a17e7c961a20ee4c2d7087a70b379170f3860b23eb317e121df&amp;w=826 826w, https:\/\/img.freepik.com\/photos-gratuite\/salon-scandinave-loft-rendu-3d-table-travail-etagere_105762-2094.jpg?t=st=1657010595~exp=1657011195~hmac=dcfb016e67828a17e7c961a20ee4c2d7087a70b379170f3860b23eb317e121df&amp;w=900 900w, https:\/\/img.freepik.com\/photos-gratuite\/salon-scandinave-loft-rendu-3d-table-travail-etagere_105762-2094.jpg?t=st=1657010595~exp=1657011195~hmac=dcfb016e67828a17e7c961a20ee4c2d7087a70b379170f3860b23eb317e121df&amp;w=996 996w, https:\/\/img.freepik.com\/photos-gratuite\/salon-scandinave-loft-rendu-3d-table-travail-etagere_105762-2094.jpg?t=st=1657010595~exp=1657011195~hmac=dcfb016e67828a17e7c961a20ee4c2d7087a70b379170f3860b23eb317e121df&amp;w=1060 1060w, https:\/\/img.freepik.com\/photos-gratuite\/salon-scandinave-loft-rendu-3d-table-travail-etagere_105762-2094.jpg?t=st=1657010595~exp=1657011195~hmac=dcfb016e67828a17e7c961a20ee4c2d7087a70b379170f3860b23eb317e121df&amp;w=1380 1380w, https:\/\/img.freepik.com\/photos-gratuite\/salon-scandinave-loft-rendu-3d-table-travail-etagere_105762-2094.jpg?t=st=1657010595~exp=1657011195~hmac=dcfb016e67828a17e7c961a20ee4c2d7087a70b379170f3860b23eb317e121df&amp;w=1480 1480w, https:\/\/img.freepik.com\/photos-gratuite\/salon-scandinave-loft-rendu-3d-table-travail-etagere_105762-2094.jpg?t=st=1657010595~exp=1657011195~hmac=dcfb016e67828a17e7c961a20ee4c2d7087a70b379170f3860b23eb317e121df&amp;w=1800 1800w, https:\/\/img.freepik.com\/photos-gratuite\/salon-scandinave-loft-rendu-3d-table-travail-etagere_105762-2094.jpg?t=st=1657010595~exp=1657011195~hmac=dcfb016e67828a17e7c961a20ee4c2d7087a70b379170f3860b23eb317e121df&amp;w=2000 2000w\" alt=\"Salon scandinave loft rendu 3d avec table de travail et \u00e9tag\u00e8re Photo gratuit\" width=\"1261\" height=\"840\" data-pin-no-hover=\"true\" \/><\/p>\n<p>&nbsp;<\/p>\n<h2>Le plafonnement des loyers dans certaines agglom\u00e9rations<\/h2>\n<p>Initialement mise en place par la loi ALUR et renouvel\u00e9e par la loi \u00c9LAN en 2018, il\u00a0 s\u2019agit d\u2019une mesure visant \u00e0 un encadrement renforc\u00e9 des loyers. Ce plafonnement est aujourd\u2019hui en vigueur \u00e0 Paris, Lille, Hellemmes et Lomme. Dans ces villes, <strong>le loyer hors charge demand\u00e9 par les bailleurs doit \u00eatre situ\u00e9 entre le loyer de r\u00e9f\u00e9rence major\u00e9 de 20 % et le loyer de r\u00e9f\u00e9rence minor\u00e9 de 30 %<\/strong>. Le plafonnement des loyers concerne les premi\u00e8res mises en location, les changements de locataires et les renouvellements de bail. Le loyer de r\u00e9f\u00e9rence \u00e9volue selon le nombre de pi\u00e8ces dans le logement, le caract\u00e8re meubl\u00e9\/non meubl\u00e9 du bien, l\u2019ann\u00e9e de construction et le quartier o\u00f9 se trouve le logement. En revanche, il est possible de percevoir des compl\u00e9ments de loyer si le logement est dot\u00e9 de caract\u00e9ristiques de localisation ou de confort les justifiant. <span class=\"article_contenu\">Lorsque ces r\u00e8gles ne sont pas respect\u00e9es, le locataire peut saisir la commission d\u00e9partementale de conciliation comp\u00e9tente, puis les tribunaux civils, si aucun accord n\u2019a pu \u00eatre trouv\u00e9. <\/span><\/p>\n<p>&nbsp;<\/p>\n<h2>Quels sont les logements concern\u00e9s ?<\/h2>\n<p>les contrats de location de logements (y compris les colocations \u00e0 baux multiples), meubl\u00e9s ou vides, \u00e0 usage de r\u00e9sidence principale ou \u00e0 usage mixte (professionnel et habitation principale) sont concern\u00e9s par l\u2019encadrement des loyers.<\/p>\n<p><strong>Certains logements sont exclus <\/strong>de l&rsquo;encadrement des loyers :<\/p>\n<ul>\n<li>Logement soumis \u00e0 la loi de 1948<\/li>\n<li>Logement conventionn\u00e9 par l&rsquo;Anah (hors conventions \u00e0 loyer interm\u00e9diaire)<\/li>\n<li>Logement social (HLM)<\/li>\n<li>Logements meubl\u00e9s situ\u00e9s dans certaines r\u00e9sidences avec services.<\/li>\n<li>Meubl\u00e9 de tourisme<\/li>\n<li>Sous-location<\/li>\n<\/ul>\n<p>&nbsp;<\/p>\n<p>&nbsp;<\/p>\n<p>&nbsp;<\/p>\n<p>&nbsp;<\/p>\n","protected":false},"excerpt":{"rendered":"<p>L\u2019indexation des loyers en cours du bail Une clause de r\u00e9vision du loyer peut \u00eatre contenue dans le contrat de bail d\u2019une r\u00e9sidence principale meubl\u00e9e ou vide. En revanche, elle ne peut pas mettre en place une augmentation plus rapide que l\u2019indice de r\u00e9f\u00e9rence des loyers (IRL). Cet indice correspond \u00ab\u2009\u00e0 la moyenne, sur les&hellip;<\/p>\n","protected":false},"author":13,"featured_media":13688,"comment_status":"closed","ping_status":"closed","sticky":false,"template":"","format":"standard","meta":[],"categories":[60],"tags":[],"yoast_head":"<!-- This site is optimized with the Yoast SEO plugin v19.13 - https:\/\/yoast.com\/wordpress\/plugins\/seo\/ -->\n<title>Tout savoir sur l&#039;encadrement des loyers - Gridky<\/title>\n<meta name=\"robots\" content=\"index, follow, max-snippet:-1, max-image-preview:large, max-video-preview:-1\" \/>\n<link rel=\"canonical\" href=\"https:\/\/www.gridky.com\/blog\/tout-savoir-sur-lencadrement-des-loyers\/\" \/>\n<meta property=\"og:locale\" content=\"fr_FR\" \/>\n<meta property=\"og:type\" content=\"article\" \/>\n<meta property=\"og:title\" content=\"Tout savoir sur l&#039;encadrement des loyers - Gridky\" \/>\n<meta property=\"og:description\" content=\"L\u2019indexation des loyers en cours du bail Une clause de r\u00e9vision du loyer peut \u00eatre contenue dans le contrat de bail d\u2019une r\u00e9sidence principale meubl\u00e9e ou vide. En revanche, elle ne peut pas mettre en place une augmentation plus rapide que l\u2019indice de r\u00e9f\u00e9rence des loyers (IRL). Cet indice correspond \u00ab\u2009\u00e0 la moyenne, sur les&hellip;\" \/>\n<meta property=\"og:url\" content=\"https:\/\/www.gridky.com\/blog\/tout-savoir-sur-lencadrement-des-loyers\/\" \/>\n<meta property=\"og:site_name\" content=\"Gridky blog\" \/>\n<meta property=\"article:published_time\" content=\"2022-07-05T11:31:23+00:00\" \/>\n<meta property=\"article:modified_time\" content=\"2023-09-28T08:06:57+00:00\" \/>\n<meta property=\"og:image\" content=\"https:\/\/www.gridky.com\/blog\/wp-content\/uploads\/2022\/07\/architecture-gac3490e91_1280.jpg\" \/>\n\t<meta property=\"og:image:width\" content=\"1280\" \/>\n\t<meta property=\"og:image:height\" content=\"720\" \/>\n\t<meta property=\"og:image:type\" content=\"image\/jpeg\" \/>\n<meta name=\"author\" content=\"Myl\u00e8ne DELPHIN-POULAT\" \/>\n<meta name=\"twitter:card\" content=\"summary_large_image\" \/>\n<meta name=\"twitter:label1\" content=\"\u00c9crit par\" \/>\n\t<meta name=\"twitter:data1\" content=\"Myl\u00e8ne DELPHIN-POULAT\" \/>\n\t<meta name=\"twitter:label2\" content=\"Dur\u00e9e de lecture estim\u00e9e\" \/>\n\t<meta name=\"twitter:data2\" content=\"4 minutes\" \/>\n<script type=\"application\/ld+json\" class=\"yoast-schema-graph\">{\"@context\":\"https:\/\/schema.org\",\"@graph\":[{\"@type\":\"WebPage\",\"@id\":\"https:\/\/www.gridky.com\/blog\/tout-savoir-sur-lencadrement-des-loyers\/\",\"url\":\"https:\/\/www.gridky.com\/blog\/tout-savoir-sur-lencadrement-des-loyers\/\",\"name\":\"Tout savoir sur l'encadrement des loyers - Gridky\",\"isPartOf\":{\"@id\":\"https:\/\/www.gridky.com\/blog\/#website\"},\"datePublished\":\"2022-07-05T11:31:23+00:00\",\"dateModified\":\"2023-09-28T08:06:57+00:00\",\"author\":{\"@id\":\"https:\/\/www.gridky.com\/blog\/#\/schema\/person\/d570909660cbaac091831fc03a1684d9\"},\"breadcrumb\":{\"@id\":\"https:\/\/www.gridky.com\/blog\/tout-savoir-sur-lencadrement-des-loyers\/#breadcrumb\"},\"inLanguage\":\"fr-FR\",\"potentialAction\":[{\"@type\":\"ReadAction\",\"target\":[\"https:\/\/www.gridky.com\/blog\/tout-savoir-sur-lencadrement-des-loyers\/\"]}]},{\"@type\":\"BreadcrumbList\",\"@id\":\"https:\/\/www.gridky.com\/blog\/tout-savoir-sur-lencadrement-des-loyers\/#breadcrumb\",\"itemListElement\":[{\"@type\":\"ListItem\",\"position\":1,\"name\":\"Accueil\",\"item\":\"https:\/\/www.gridky.com\/blog\/\"},{\"@type\":\"ListItem\",\"position\":2,\"name\":\"Tout savoir sur l&rsquo;encadrement des loyers\"}]},{\"@type\":\"WebSite\",\"@id\":\"https:\/\/www.gridky.com\/blog\/#website\",\"url\":\"https:\/\/www.gridky.com\/blog\/\",\"name\":\"Gridky blog\",\"description\":\"\",\"potentialAction\":[{\"@type\":\"SearchAction\",\"target\":{\"@type\":\"EntryPoint\",\"urlTemplate\":\"https:\/\/www.gridky.com\/blog\/?s={search_term_string}\"},\"query-input\":\"required name=search_term_string\"}],\"inLanguage\":\"fr-FR\"},{\"@type\":\"Person\",\"@id\":\"https:\/\/www.gridky.com\/blog\/#\/schema\/person\/d570909660cbaac091831fc03a1684d9\",\"name\":\"Myl\u00e8ne DELPHIN-POULAT\",\"image\":{\"@type\":\"ImageObject\",\"inLanguage\":\"fr-FR\",\"@id\":\"https:\/\/www.gridky.com\/blog\/#\/schema\/person\/image\/\",\"url\":\"https:\/\/secure.gravatar.com\/avatar\/5fa5ff09aa41537067a4599d9c6a0494?s=96&d=mm&r=g\",\"contentUrl\":\"https:\/\/secure.gravatar.com\/avatar\/5fa5ff09aa41537067a4599d9c6a0494?s=96&d=mm&r=g\",\"caption\":\"Myl\u00e8ne DELPHIN-POULAT\"},\"sameAs\":[\"communication@gridky.com\"]}]}<\/script>\n<!-- \/ Yoast SEO plugin. -->","yoast_head_json":{"title":"Tout savoir sur l'encadrement des loyers - Gridky","robots":{"index":"index","follow":"follow","max-snippet":"max-snippet:-1","max-image-preview":"max-image-preview:large","max-video-preview":"max-video-preview:-1"},"canonical":"https:\/\/www.gridky.com\/blog\/tout-savoir-sur-lencadrement-des-loyers\/","og_locale":"fr_FR","og_type":"article","og_title":"Tout savoir sur l'encadrement des loyers - Gridky","og_description":"L\u2019indexation des loyers en cours du bail Une clause de r\u00e9vision du loyer peut \u00eatre contenue dans le contrat de bail d\u2019une r\u00e9sidence principale meubl\u00e9e ou vide. En revanche, elle ne peut pas mettre en place une augmentation plus rapide que l\u2019indice de r\u00e9f\u00e9rence des loyers (IRL). Cet indice correspond \u00ab\u2009\u00e0 la moyenne, sur les&hellip;","og_url":"https:\/\/www.gridky.com\/blog\/tout-savoir-sur-lencadrement-des-loyers\/","og_site_name":"Gridky blog","article_published_time":"2022-07-05T11:31:23+00:00","article_modified_time":"2023-09-28T08:06:57+00:00","og_image":[{"width":1280,"height":720,"url":"https:\/\/www.gridky.com\/blog\/wp-content\/uploads\/2022\/07\/architecture-gac3490e91_1280.jpg","type":"image\/jpeg"}],"author":"Myl\u00e8ne DELPHIN-POULAT","twitter_card":"summary_large_image","twitter_misc":{"\u00c9crit par":"Myl\u00e8ne DELPHIN-POULAT","Dur\u00e9e de lecture estim\u00e9e":"4 minutes"},"schema":{"@context":"https:\/\/schema.org","@graph":[{"@type":"WebPage","@id":"https:\/\/www.gridky.com\/blog\/tout-savoir-sur-lencadrement-des-loyers\/","url":"https:\/\/www.gridky.com\/blog\/tout-savoir-sur-lencadrement-des-loyers\/","name":"Tout savoir sur l'encadrement des loyers - Gridky","isPartOf":{"@id":"https:\/\/www.gridky.com\/blog\/#website"},"datePublished":"2022-07-05T11:31:23+00:00","dateModified":"2023-09-28T08:06:57+00:00","author":{"@id":"https:\/\/www.gridky.com\/blog\/#\/schema\/person\/d570909660cbaac091831fc03a1684d9"},"breadcrumb":{"@id":"https:\/\/www.gridky.com\/blog\/tout-savoir-sur-lencadrement-des-loyers\/#breadcrumb"},"inLanguage":"fr-FR","potentialAction":[{"@type":"ReadAction","target":["https:\/\/www.gridky.com\/blog\/tout-savoir-sur-lencadrement-des-loyers\/"]}]},{"@type":"BreadcrumbList","@id":"https:\/\/www.gridky.com\/blog\/tout-savoir-sur-lencadrement-des-loyers\/#breadcrumb","itemListElement":[{"@type":"ListItem","position":1,"name":"Accueil","item":"https:\/\/www.gridky.com\/blog\/"},{"@type":"ListItem","position":2,"name":"Tout savoir sur l&rsquo;encadrement des loyers"}]},{"@type":"WebSite","@id":"https:\/\/www.gridky.com\/blog\/#website","url":"https:\/\/www.gridky.com\/blog\/","name":"Gridky blog","description":"","potentialAction":[{"@type":"SearchAction","target":{"@type":"EntryPoint","urlTemplate":"https:\/\/www.gridky.com\/blog\/?s={search_term_string}"},"query-input":"required name=search_term_string"}],"inLanguage":"fr-FR"},{"@type":"Person","@id":"https:\/\/www.gridky.com\/blog\/#\/schema\/person\/d570909660cbaac091831fc03a1684d9","name":"Myl\u00e8ne DELPHIN-POULAT","image":{"@type":"ImageObject","inLanguage":"fr-FR","@id":"https:\/\/www.gridky.com\/blog\/#\/schema\/person\/image\/","url":"https:\/\/secure.gravatar.com\/avatar\/5fa5ff09aa41537067a4599d9c6a0494?s=96&d=mm&r=g","contentUrl":"https:\/\/secure.gravatar.com\/avatar\/5fa5ff09aa41537067a4599d9c6a0494?s=96&d=mm&r=g","caption":"Myl\u00e8ne DELPHIN-POULAT"},"sameAs":["communication@gridky.com"]}]}},"_links":{"self":[{"href":"https:\/\/www.gridky.com\/blog\/wp-json\/wp\/v2\/posts\/13625"}],"collection":[{"href":"https:\/\/www.gridky.com\/blog\/wp-json\/wp\/v2\/posts"}],"about":[{"href":"https:\/\/www.gridky.com\/blog\/wp-json\/wp\/v2\/types\/post"}],"author":[{"embeddable":true,"href":"https:\/\/www.gridky.com\/blog\/wp-json\/wp\/v2\/users\/13"}],"replies":[{"embeddable":true,"href":"https:\/\/www.gridky.com\/blog\/wp-json\/wp\/v2\/comments?post=13625"}],"version-history":[{"count":10,"href":"https:\/\/www.gridky.com\/blog\/wp-json\/wp\/v2\/posts\/13625\/revisions"}],"predecessor-version":[{"id":19053,"href":"https:\/\/www.gridky.com\/blog\/wp-json\/wp\/v2\/posts\/13625\/revisions\/19053"}],"wp:featuredmedia":[{"embeddable":true,"href":"https:\/\/www.gridky.com\/blog\/wp-json\/wp\/v2\/media\/13688"}],"wp:attachment":[{"href":"https:\/\/www.gridky.com\/blog\/wp-json\/wp\/v2\/media?parent=13625"}],"wp:term":[{"taxonomy":"category","embeddable":true,"href":"https:\/\/www.gridky.com\/blog\/wp-json\/wp\/v2\/categories?post=13625"},{"taxonomy":"post_tag","embeddable":true,"href":"https:\/\/www.gridky.com\/blog\/wp-json\/wp\/v2\/tags?post=13625"}],"curies":[{"name":"wp","href":"https:\/\/api.w.org\/{rel}","templated":true}]}}