{"id":11664,"date":"2021-02-15T10:09:37","date_gmt":"2021-02-15T10:09:37","guid":{"rendered":"https:\/\/www.gridky.com\/blog\/?p=11664"},"modified":"2021-04-13T10:56:18","modified_gmt":"2021-04-13T10:56:18","slug":"qui-peut-louer-un-appartement-en-loi-pinel","status":"publish","type":"post","link":"https:\/\/www.gridky.com\/blog\/qui-peut-louer-un-appartement-en-loi-pinel\/","title":{"rendered":"Qui peut louer un appartement en loi Pinel ?\u00a0"},"content":{"rendered":"<p>L\u2019un des objectifs du gouvernement \u00e0 travers la prolongation du <a href=\"https:\/\/www.gridky.com\/loi-pinel\">dispositif Pinel<\/a> est de continuer de favoriser l\u2019<b>acc\u00e8s \u00e0 un logement d\u00e9cent aux m\u00e9nages aux revenus modestes ou interm\u00e9diaires<\/b>\u00a0(n&rsquo;ayant pas acc\u00e8s \u00e0 un logement social mais rencontrant toutefois des difficult\u00e9s \u00e0 louer un logement sur le march\u00e9 libre).<\/p>\n<h2>Des conditions de ressources<span class=\"Apple-converted-space\">\u00a0<\/span><\/h2>\n<p>Le ou les locataires doivent donc respecter un certains nombre de crit\u00e8res pour \u00eatre \u00e9ligibles : tout d\u2019abord, <b>le bien doit \u00eatre lou\u00e9 \u00e0 usage d\u2019habitation principale<\/b>. <span class=\"Apple-converted-space\">\u00a0<\/span><\/p>\n<p>Ensuite, les ressources du locataire sont \u00e9galement plafonn\u00e9es, afin de garantir <b>la location du bien \u00e0 des m\u00e9nages modestes<\/b>. Les ressources des locataires ne doivent donc pas exc\u00e9der certains plafonds, qui sont d\u00e9termin\u00e9s selon la zone de localisation du logement et la composition du foyer.<\/p>\n<p>Voici les plafonds r\u00e9glementaires que le revenu fiscal de r\u00e9f\u00e9rence du locataire ne soit pas exc\u00e9der \u00e0 N-2, en fonction de la <a href=\"https:\/\/www.gridky.com\/blog\/repartition-des-zones-de-la-loi-pinel\/\">zone Pinel<\/a> de domiciliation<span class=\"Apple-converted-space\">\u00a0 <\/span>:<\/p>\n<table cellspacing=\"0\" cellpadding=\"0\">\n<tbody>\n<tr>\n<td valign=\"middle\"><b>Composition du foyer<\/b><\/td>\n<td valign=\"middle\"><b>Zone A<\/b><\/td>\n<td valign=\"middle\"><b>Zone A bis<\/b><\/td>\n<td valign=\"middle\"><b>Zone B<\/b><\/td>\n<\/tr>\n<tr>\n<td valign=\"middle\"><b>Personne seule<\/b><\/td>\n<td valign=\"middle\">\u20ac38\u00a0377<\/td>\n<td valign=\"middle\">\u20ac38\u00a0377<\/td>\n<td valign=\"middle\">\u20ac31\u00a0280<\/td>\n<\/tr>\n<tr>\n<td valign=\"middle\"><b>Couple<\/b><\/td>\n<td valign=\"middle\">\u20ac57\u00a0357<\/td>\n<td valign=\"middle\">\u20ac57\u00a0357<\/td>\n<td valign=\"middle\">\u20ac41\u00a0772<\/td>\n<\/tr>\n<tr>\n<td valign=\"middle\"><b>Personne seule ou en couple ayant 1 personne \u00e0 charge<\/b><\/td>\n<td valign=\"middle\">\u20ac68\u00a0946<\/td>\n<td valign=\"middle\">\u20ac75\u00a0188<\/td>\n<td valign=\"middle\">\u20ac50\u00a0233<\/td>\n<\/tr>\n<tr>\n<td valign=\"middle\"><b>Personne seule ou couple ayant 2 personnes \u00e0 charge<\/b><\/td>\n<td valign=\"middle\">\u20ac82\u00a0586<\/td>\n<td valign=\"middle\">\u20ac89\u00a0769<\/td>\n<td valign=\"middle\">\u20ac60\u00a0643<\/td>\n<\/tr>\n<tr>\n<td valign=\"middle\"><b>Personne seule ou couple ayant 3 personnes \u00e0 charge<\/b><\/td>\n<td valign=\"middle\">\u20ac97 766<\/td>\n<td valign=\"middle\">\u20ac106 807<\/td>\n<td valign=\"middle\">\u20ac71\u00a0340<\/td>\n<\/tr>\n<tr>\n<td valign=\"middle\"><b>Personne seule ou couple ayant 4 personnes \u00e0 charge<\/b><\/td>\n<td valign=\"middle\">\u20ac110\u00a0017<\/td>\n<td valign=\"middle\">\u20ac120\u00a0186<\/td>\n<td valign=\"middle\">\u20ac80\u00a0399<\/td>\n<\/tr>\n<tr>\n<td valign=\"middle\"><b>Majoration par personne \u00e0 charge suppl\u00e9mentaire<\/b><\/td>\n<td valign=\"middle\">\u20ac12\u00a0258<\/td>\n<td valign=\"middle\">\u20ac13\u00a0390<\/td>\n<td valign=\"middle\">\u20ac8\u00a0969<\/td>\n<\/tr>\n<\/tbody>\n<\/table>\n<p>Pour rappel, \u00e0 la suite de la nouvelle loi de finances pour 2021, les seules zones \u00e9ligibles au dispositif sont celles cit\u00e9es plus haut, autrement dit les zones A, Abis et B.<\/p>\n<h2>Louer \u00e0 sa famille : possible ?<\/h2>\n<p>Oui, le propri\u00e9taire<span class=\"Apple-converted-space\">\u00a0 <\/span>d\u2019un bien d\u00e9fiscalis\u00e9 sous le r\u00e9gime Pinel peut louer ce bien \u00e0 un membre de sa famille, \u00e0 condition de respecter certains points :<\/p>\n<ul>\n<li><b><\/b>Pas d\u2019affiliation fiscale : locataire et bailleur doivent appartenir \u00e0 deux foyer fiscaux distincts.<\/li>\n<li><b><\/b>Pas de location gracieuse:<span class=\"Apple-converted-space\">\u00a0 <\/span>peu importe sa filiation, le locataire devra verser un loyer au bailleur.<span class=\"Apple-converted-space\">\u00a0<\/span><\/li>\n<li><b><\/b>Pas de cumul avec les aides au logement: le locataire ne peut pas b\u00e9n\u00e9ficier des aides aux logements (APL, ALS ou ALF) tout en \u00e9tant log\u00e9 par un membre de sa famille.<\/li>\n<\/ul>\n","protected":false},"excerpt":{"rendered":"<p>L\u2019un des objectifs du gouvernement \u00e0 travers la prolongation du dispositif Pinel est de continuer de favoriser l\u2019acc\u00e8s \u00e0 un logement d\u00e9cent aux m\u00e9nages aux revenus modestes ou interm\u00e9diaires\u00a0(n&rsquo;ayant pas acc\u00e8s \u00e0 un logement social mais rencontrant toutefois des difficult\u00e9s \u00e0 louer un logement sur le march\u00e9 libre). Des conditions de ressources\u00a0 Le ou les&hellip;<\/p>\n","protected":false},"author":8,"featured_media":11647,"comment_status":"closed","ping_status":"closed","sticky":false,"template":"","format":"standard","meta":[],"categories":[56],"tags":[],"yoast_head":"<!-- This site is optimized with the Yoast SEO plugin v19.13 - https:\/\/yoast.com\/wordpress\/plugins\/seo\/ -->\n<title>Qui peut louer un appartement en loi Pinel ?\u00a0<\/title>\n<meta name=\"robots\" content=\"index, follow, max-snippet:-1, max-image-preview:large, max-video-preview:-1\" \/>\n<link rel=\"canonical\" href=\"https:\/\/www.gridky.com\/blog\/qui-peut-louer-un-appartement-en-loi-pinel\/\" \/>\n<meta property=\"og:locale\" content=\"fr_FR\" \/>\n<meta property=\"og:type\" content=\"article\" \/>\n<meta property=\"og:title\" content=\"Qui peut louer un appartement en loi Pinel ?\u00a0\" \/>\n<meta property=\"og:description\" content=\"L\u2019un des objectifs du gouvernement \u00e0 travers la prolongation du dispositif Pinel est de continuer de favoriser l\u2019acc\u00e8s \u00e0 un logement d\u00e9cent aux m\u00e9nages aux revenus modestes ou interm\u00e9diaires\u00a0(n&rsquo;ayant pas acc\u00e8s \u00e0 un logement social mais rencontrant toutefois des difficult\u00e9s \u00e0 louer un logement sur le march\u00e9 libre). Des conditions de ressources\u00a0 Le ou les&hellip;\" \/>\n<meta property=\"og:url\" content=\"https:\/\/www.gridky.com\/blog\/qui-peut-louer-un-appartement-en-loi-pinel\/\" \/>\n<meta property=\"og:site_name\" content=\"Gridky blog\" \/>\n<meta property=\"article:published_time\" content=\"2021-02-15T10:09:37+00:00\" \/>\n<meta property=\"article:modified_time\" content=\"2021-04-13T10:56:18+00:00\" \/>\n<meta property=\"og:image\" content=\"https:\/\/www.gridky.com\/blog\/wp-content\/uploads\/2021\/02\/Copie-de-Sans-titre-2-e1613382764393.png\" \/>\n\t<meta property=\"og:image:width\" content=\"1640\" \/>\n\t<meta property=\"og:image:height\" content=\"738\" \/>\n\t<meta property=\"og:image:type\" content=\"image\/png\" \/>\n<meta name=\"author\" content=\"Coralie\" \/>\n<meta name=\"twitter:card\" content=\"summary_large_image\" \/>\n<meta name=\"twitter:label1\" content=\"\u00c9crit par\" \/>\n\t<meta name=\"twitter:data1\" content=\"Coralie\" \/>\n\t<meta name=\"twitter:label2\" content=\"Dur\u00e9e de lecture estim\u00e9e\" \/>\n\t<meta name=\"twitter:data2\" content=\"2 minutes\" \/>\n<script type=\"application\/ld+json\" class=\"yoast-schema-graph\">{\"@context\":\"https:\/\/schema.org\",\"@graph\":[{\"@type\":\"WebPage\",\"@id\":\"https:\/\/www.gridky.com\/blog\/qui-peut-louer-un-appartement-en-loi-pinel\/\",\"url\":\"https:\/\/www.gridky.com\/blog\/qui-peut-louer-un-appartement-en-loi-pinel\/\",\"name\":\"Qui peut louer un appartement en loi Pinel ?\u00a0\",\"isPartOf\":{\"@id\":\"https:\/\/www.gridky.com\/blog\/#website\"},\"datePublished\":\"2021-02-15T10:09:37+00:00\",\"dateModified\":\"2021-04-13T10:56:18+00:00\",\"author\":{\"@id\":\"https:\/\/www.gridky.com\/blog\/#\/schema\/person\/d7c5a67a810433ce07cba000c3857a36\"},\"breadcrumb\":{\"@id\":\"https:\/\/www.gridky.com\/blog\/qui-peut-louer-un-appartement-en-loi-pinel\/#breadcrumb\"},\"inLanguage\":\"fr-FR\",\"potentialAction\":[{\"@type\":\"ReadAction\",\"target\":[\"https:\/\/www.gridky.com\/blog\/qui-peut-louer-un-appartement-en-loi-pinel\/\"]}]},{\"@type\":\"BreadcrumbList\",\"@id\":\"https:\/\/www.gridky.com\/blog\/qui-peut-louer-un-appartement-en-loi-pinel\/#breadcrumb\",\"itemListElement\":[{\"@type\":\"ListItem\",\"position\":1,\"name\":\"Accueil\",\"item\":\"https:\/\/www.gridky.com\/blog\/\"},{\"@type\":\"ListItem\",\"position\":2,\"name\":\"Qui peut louer un appartement en loi Pinel ?\u00a0\"}]},{\"@type\":\"WebSite\",\"@id\":\"https:\/\/www.gridky.com\/blog\/#website\",\"url\":\"https:\/\/www.gridky.com\/blog\/\",\"name\":\"Gridky blog\",\"description\":\"\",\"potentialAction\":[{\"@type\":\"SearchAction\",\"target\":{\"@type\":\"EntryPoint\",\"urlTemplate\":\"https:\/\/www.gridky.com\/blog\/?s={search_term_string}\"},\"query-input\":\"required name=search_term_string\"}],\"inLanguage\":\"fr-FR\"},{\"@type\":\"Person\",\"@id\":\"https:\/\/www.gridky.com\/blog\/#\/schema\/person\/d7c5a67a810433ce07cba000c3857a36\",\"name\":\"Coralie\",\"image\":{\"@type\":\"ImageObject\",\"inLanguage\":\"fr-FR\",\"@id\":\"https:\/\/www.gridky.com\/blog\/#\/schema\/person\/image\/\",\"url\":\"https:\/\/secure.gravatar.com\/avatar\/e8b800670471ba6f23ba45bd8806c96d?s=96&d=mm&r=g\",\"contentUrl\":\"https:\/\/secure.gravatar.com\/avatar\/e8b800670471ba6f23ba45bd8806c96d?s=96&d=mm&r=g\",\"caption\":\"Coralie\"}}]}<\/script>\n<!-- \/ Yoast SEO plugin. -->","yoast_head_json":{"title":"Qui peut louer un appartement en loi Pinel ?\u00a0","robots":{"index":"index","follow":"follow","max-snippet":"max-snippet:-1","max-image-preview":"max-image-preview:large","max-video-preview":"max-video-preview:-1"},"canonical":"https:\/\/www.gridky.com\/blog\/qui-peut-louer-un-appartement-en-loi-pinel\/","og_locale":"fr_FR","og_type":"article","og_title":"Qui peut louer un appartement en loi Pinel ?\u00a0","og_description":"L\u2019un des objectifs du gouvernement \u00e0 travers la prolongation du dispositif Pinel est de continuer de favoriser l\u2019acc\u00e8s \u00e0 un logement d\u00e9cent aux m\u00e9nages aux revenus modestes ou interm\u00e9diaires\u00a0(n&rsquo;ayant pas acc\u00e8s \u00e0 un logement social mais rencontrant toutefois des difficult\u00e9s \u00e0 louer un logement sur le march\u00e9 libre). Des conditions de ressources\u00a0 Le ou les&hellip;","og_url":"https:\/\/www.gridky.com\/blog\/qui-peut-louer-un-appartement-en-loi-pinel\/","og_site_name":"Gridky blog","article_published_time":"2021-02-15T10:09:37+00:00","article_modified_time":"2021-04-13T10:56:18+00:00","og_image":[{"width":1640,"height":738,"url":"https:\/\/www.gridky.com\/blog\/wp-content\/uploads\/2021\/02\/Copie-de-Sans-titre-2-e1613382764393.png","type":"image\/png"}],"author":"Coralie","twitter_card":"summary_large_image","twitter_misc":{"\u00c9crit par":"Coralie","Dur\u00e9e de lecture estim\u00e9e":"2 minutes"},"schema":{"@context":"https:\/\/schema.org","@graph":[{"@type":"WebPage","@id":"https:\/\/www.gridky.com\/blog\/qui-peut-louer-un-appartement-en-loi-pinel\/","url":"https:\/\/www.gridky.com\/blog\/qui-peut-louer-un-appartement-en-loi-pinel\/","name":"Qui peut louer un appartement en loi Pinel ?\u00a0","isPartOf":{"@id":"https:\/\/www.gridky.com\/blog\/#website"},"datePublished":"2021-02-15T10:09:37+00:00","dateModified":"2021-04-13T10:56:18+00:00","author":{"@id":"https:\/\/www.gridky.com\/blog\/#\/schema\/person\/d7c5a67a810433ce07cba000c3857a36"},"breadcrumb":{"@id":"https:\/\/www.gridky.com\/blog\/qui-peut-louer-un-appartement-en-loi-pinel\/#breadcrumb"},"inLanguage":"fr-FR","potentialAction":[{"@type":"ReadAction","target":["https:\/\/www.gridky.com\/blog\/qui-peut-louer-un-appartement-en-loi-pinel\/"]}]},{"@type":"BreadcrumbList","@id":"https:\/\/www.gridky.com\/blog\/qui-peut-louer-un-appartement-en-loi-pinel\/#breadcrumb","itemListElement":[{"@type":"ListItem","position":1,"name":"Accueil","item":"https:\/\/www.gridky.com\/blog\/"},{"@type":"ListItem","position":2,"name":"Qui peut louer un appartement en loi Pinel ?\u00a0"}]},{"@type":"WebSite","@id":"https:\/\/www.gridky.com\/blog\/#website","url":"https:\/\/www.gridky.com\/blog\/","name":"Gridky blog","description":"","potentialAction":[{"@type":"SearchAction","target":{"@type":"EntryPoint","urlTemplate":"https:\/\/www.gridky.com\/blog\/?s={search_term_string}"},"query-input":"required name=search_term_string"}],"inLanguage":"fr-FR"},{"@type":"Person","@id":"https:\/\/www.gridky.com\/blog\/#\/schema\/person\/d7c5a67a810433ce07cba000c3857a36","name":"Coralie","image":{"@type":"ImageObject","inLanguage":"fr-FR","@id":"https:\/\/www.gridky.com\/blog\/#\/schema\/person\/image\/","url":"https:\/\/secure.gravatar.com\/avatar\/e8b800670471ba6f23ba45bd8806c96d?s=96&d=mm&r=g","contentUrl":"https:\/\/secure.gravatar.com\/avatar\/e8b800670471ba6f23ba45bd8806c96d?s=96&d=mm&r=g","caption":"Coralie"}}]}},"_links":{"self":[{"href":"https:\/\/www.gridky.com\/blog\/wp-json\/wp\/v2\/posts\/11664"}],"collection":[{"href":"https:\/\/www.gridky.com\/blog\/wp-json\/wp\/v2\/posts"}],"about":[{"href":"https:\/\/www.gridky.com\/blog\/wp-json\/wp\/v2\/types\/post"}],"author":[{"embeddable":true,"href":"https:\/\/www.gridky.com\/blog\/wp-json\/wp\/v2\/users\/8"}],"replies":[{"embeddable":true,"href":"https:\/\/www.gridky.com\/blog\/wp-json\/wp\/v2\/comments?post=11664"}],"version-history":[{"count":3,"href":"https:\/\/www.gridky.com\/blog\/wp-json\/wp\/v2\/posts\/11664\/revisions"}],"predecessor-version":[{"id":11989,"href":"https:\/\/www.gridky.com\/blog\/wp-json\/wp\/v2\/posts\/11664\/revisions\/11989"}],"wp:featuredmedia":[{"embeddable":true,"href":"https:\/\/www.gridky.com\/blog\/wp-json\/wp\/v2\/media\/11647"}],"wp:attachment":[{"href":"https:\/\/www.gridky.com\/blog\/wp-json\/wp\/v2\/media?parent=11664"}],"wp:term":[{"taxonomy":"category","embeddable":true,"href":"https:\/\/www.gridky.com\/blog\/wp-json\/wp\/v2\/categories?post=11664"},{"taxonomy":"post_tag","embeddable":true,"href":"https:\/\/www.gridky.com\/blog\/wp-json\/wp\/v2\/tags?post=11664"}],"curies":[{"name":"wp","href":"https:\/\/api.w.org\/{rel}","templated":true}]}}