{"id":11521,"date":"2021-01-20T11:25:26","date_gmt":"2021-01-20T11:25:26","guid":{"rendered":"https:\/\/www.gridky.com\/blog\/?p=11521"},"modified":"2023-09-26T15:44:02","modified_gmt":"2023-09-26T13:44:02","slug":"quelles-sont-les-surfaces-annexes-prises-en-compte-par-la-loi-pinel","status":"publish","type":"post","link":"https:\/\/www.gridky.com\/blog\/quelles-sont-les-surfaces-annexes-prises-en-compte-par-la-loi-pinel\/","title":{"rendered":"Quelles sont les surfaces annexes prises en compte par la loi Pinel ?"},"content":{"rendered":"<p><span style=\"font-weight: 400;\">Lors d\u2019un investissement sous la<\/span><a href=\"https:\/\/www.gridky.com\/loi-pinel\" target=\"_blank\" rel=\"noopener\"><span style=\"font-weight: 400;\"> loi Pinel<\/span><\/a><span style=\"font-weight: 400;\">, le logement doit r\u00e9pondre \u00e0 plusieurs crit\u00e8res impos\u00e9s : <\/span><a href=\"https:\/\/www.gridky.com\/blog\/louer-appartement-loi-pinel-en-2021\/\" target=\"_blank\" rel=\"noopener\"><span style=\"font-weight: 400;\">l\u2019appartement<\/span><\/a><span style=\"font-weight: 400;\"> doit \u00eatre neuf, avec un emplacement en <\/span><a href=\"https:\/\/www.gridky.com\/blog\/repartition-des-zones-de-la-loi-pinel\/\" target=\"_blank\" rel=\"noopener\"><span style=\"font-weight: 400;\">zone tendue<\/span><\/a><span style=\"font-weight: 400;\"> comme d\u00e9finie par la loi, les locataires devront respecter un <\/span><a href=\"https:\/\/www.gridky.com\/blog\/quels-sont-les-plafonds-de-ressources-avec-la-loi-pinel\/\" target=\"_blank\" rel=\"noopener\"><span style=\"font-weight: 400;\">plafond de ressources<\/span><\/a><span style=\"font-weight: 400;\"> et le propri\u00e9taire un plafond de loyer, la location devra \u00e9galement \u00eatre vide. Enfin, pour obtenir sa d\u00e9fiscalisation l\u2019investisseur doit s\u2019engager \u00e0 louer son bien sur 6, 9 ou 12 ans.\u00a0<\/span><\/p>\n<p><span style=\"font-weight: 400;\">Lors d\u2019un investissement sous la loi Pinel, la surface annonc\u00e9e du bien correspond \u00e0 la <\/span><b>surface habitable du logement<\/b><span style=\"font-weight: 400;\"> \u00e0 laquelle on ajoute <\/span><b>la moiti\u00e9 de la surface des annexes<\/b> <b>dans la limite de 8m2 maximum<\/b><span style=\"font-weight: 400;\"> pris en compte. <\/span><\/p>\n<p><span style=\"font-weight: 400;\">Cette notion est importante pour d\u00e9finir le loyer : en effet le loyer par m2 doit respecter certains plafonds par zone comme ci-dessous:\u00a0<\/span><\/p>\n<table style=\"height: 112px;\" width=\"501\">\n<tbody>\n<tr>\n<td><span style=\"font-weight: 400;\">Zones<\/span><\/td>\n<td><span style=\"font-weight: 400;\">A Bis<\/span><\/td>\n<td><span style=\"font-weight: 400;\">A<\/span><\/td>\n<td><span style=\"font-weight: 400;\">B1<\/span><\/td>\n<\/tr>\n<tr>\n<td><span style=\"font-weight: 400;\">Prix \/ m2<\/span><\/td>\n<td><span style=\"font-weight: 400;\">17,43\u20ac<\/span><\/td>\n<td><span style=\"font-weight: 400;\">12,95\u20ac<\/span><\/td>\n<td><span style=\"font-weight: 400;\">10,44\u20ac<\/span><\/td>\n<\/tr>\n<\/tbody>\n<\/table>\n<p>&nbsp;<\/p>\n<p style=\"text-align: center;\"><span style=\"font-weight: 400;\">Quelles sont les surfaces annexes qui rentrent dans le calcul Pinel alors ?\u00a0<\/span><\/p>\n<h2><span style=\"font-weight: 400;\">Qu\u2019est-ce-qu\u2019une surface annexe ?\u00a0<\/span><\/h2>\n<p><span style=\"font-weight: 400;\">On entend par surface annexe toute pi\u00e8ce ayant au <strong>minimum 1m80 de hauteur sous plafond<\/strong> (comme pour toute surface habitable) <strong>qui compl\u00e8te le confort du logement<\/strong> sans pour autant \u00eatre absolument n\u00e9cessaire. Les annexes doivent \u00eatre <strong>\u00e0 l\u2019usage exclusif du locataire<\/strong>.\u00a0<\/span><\/p>\n<p><span style=\"font-weight: 400;\">Cela peut \u00eatre une v\u00e9randa, un balcon, une terrasse, une cave, un grenier, un cellier, un sous-sol, une buanderie, un jardin etc\u2026.<\/span><\/p>\n<p><span style=\"font-weight: 400;\">Lorsque l\u2019on calcul la surface utile de son bien, toutes les surfaces annexes peuvent \u00eatre prises en compte, conform\u00e9ment \u00e0 la r\u00e9glementation actuelle.\u00a0<\/span><\/p>\n<h2><span style=\"font-weight: 400;\">Cependant la loi Pinel ne prend en compte que certaines annexes sp\u00e9cifiques\u00a0<\/span><\/h2>\n<p><span style=\"font-weight: 400;\">D&rsquo;apr\u00e8s le bulletin officiel des finances publiques <\/span><span style=\"font-weight: 400;\">(<\/span><a href=\"https:\/\/bofip.impots.gouv.fr\/bofip\/4904-PGP.html\/identifiant=BOI-IR-RICI-230-20-20-20190510#Definition_des_annexes_50\" target=\"_blank\" rel=\"noopener\"><span style=\"font-weight: 400;\">BOI-IR-RICI-230-20-20<\/span><\/a><span style=\"font-weight: 400;\">)<\/span><span style=\"font-weight: 400;\"> la loi Pinel restreint la liste de surfaces annexes consid\u00e9r\u00e9es dans le cadre du dispositif.\u00a0<\/span><\/p>\n<p><span style=\"font-weight: 400;\">Voici les annexes exclues ou dont la prise en compte est limit\u00e9e par le dispositif :\u00a0<\/span><\/p>\n<ul>\n<li style=\"font-weight: 400;\"><strong>Les Jardins<\/strong><\/li>\n<\/ul>\n<p><span style=\"font-weight: 400;\">Ils ne sont pas consid\u00e9r\u00e9s comme des surfaces annexes et n\u2019ont donc aucun impact sur le calcul de la surface et le montant du loyer correspondant.\u00a0<\/span><\/p>\n<ul>\n<li style=\"font-weight: 400;\"><strong>Les Garages<\/strong><\/li>\n<\/ul>\n<p><span style=\"font-weight: 400;\"><strong>Pour un appartement, le garage n\u2019est pas consid\u00e9r\u00e9 comme une surface d\u2019habitation<\/strong> <strong>annexe<\/strong> car r\u00e9serv\u00e9 au v\u00e9hicule et n\u2019est pas pris en compte pour le calcul de la surface.\u00a0<\/span><\/p>\n<p><span style=\"font-weight: 400;\">Dans le cas d\u2019une <strong>maison individuelle<\/strong> en location sous la loi Pinel la question du <strong>garage<\/strong> qui bien souvent <strong>ne sert pas qu\u2019au stationnement<\/strong>, a \u00e9t\u00e9 trait\u00e9e comme suit :\u00a0<\/span><\/p>\n<p><span style=\"font-weight: 400;\">&#8211; Dans le cas d\u2019un espace inf\u00e9rieur ou \u00e9gal \u00e0 12m2, il n\u2019est pas consid\u00e9r\u00e9 comme une annexe.\u00a0<\/span><\/p>\n<p><span style=\"font-weight: 400;\">&#8211; Dans le cas o\u00f9 l&rsquo;espace est sup\u00e9rieur \u00e0 12 m2, il faudra retrancher 12m2 de la surface totale du garage, le r\u00e9sultat correspondra \u00e0 la surface retenue. Les 12m2 repr\u00e9sentent en fait la place d\u00e9di\u00e9e au v\u00e9hicule.\u00a0<\/span><\/p>\n<ul>\n<li style=\"font-weight: 400;\"><strong>Les places de stationnement<\/strong><\/li>\n<\/ul>\n<p><span style=\"font-weight: 400;\">De m\u00eame que pour les jardins, les places de parking ne sont pas prises en compte en tant qu\u2019annexe. Il est par contre possible de r\u00e9diger un deuxi\u00e8me bail distinct juste au titre de la place de stationnement, hors dispositif Pinel.\u00a0<\/span><\/p>\n<ul>\n<li style=\"font-weight: 400;\"><span style=\"font-weight: 400;\"><strong>Les Terrasses\u00a0<\/strong><\/span><\/li>\n<\/ul>\n<p><span style=\"font-weight: 400;\">Les terrasses en rez-de-jardin ne sont pas comprises comme surface annexes par la loi Pinel. <\/span><\/p>\n<p><span style=\"font-weight: 400;\">En revanche, si il s\u2019agit d\u2019une terrasse en \u00e9tage accessible (ou toit-terrasse), ou bien d\u2019une terrasse am\u00e9nag\u00e9e sur un ouvrage enterr\u00e9 ou semi-enterr\u00e9 et dans la limite de 9m2, alors elle peut \u00eatre prise en compte dans le calcul de la surface.\u00a0\u00a0<\/span><\/p>\n<h3><span style=\"font-weight: 400;\"><strong>Exemples<\/strong> de calcul de la surface prise en compte :\u00a0<\/span><\/h3>\n<ul>\n<li style=\"font-weight: 400;\"><span style=\"font-weight: 400;\">Vous avez un appartement de 55m2 qui dispose d\u2019un balcon de 6m2. La surface calcul\u00e9e est donc de 55m2 + 3m2 = 58m2<\/span><\/li>\n<li style=\"font-weight: 400;\"><span style=\"font-weight: 400;\">Vous avez une maison de 150m2 avec un sous-sol de 20m2. La surface calcul\u00e9e est est donc de 150m2 + 8m2 = 158m2. La surface prise en compte pour les annexes est limit\u00e9e \u00e0 8m2 (or 20m2\/2 = 10m2 &gt; 8m2)<\/span><\/li>\n<\/ul>\n<p><span style=\"font-weight: 400;\"><strong>Le calcul de la surface utile est extr\u00eamement important<\/strong> pour d\u00e9finir le <\/span><a href=\"https:\/\/www.gridky.com\/blog\/comment-augmenter-son-loyer-en-loi-pinel\/\" target=\"_blank\" rel=\"noopener\"><span style=\"font-weight: 400;\">montant du loyer<\/span><\/a><span style=\"font-weight: 400;\"> tout en respectant les plafonds. Une fois la surface utile d\u00e9finie, encore faut-il respecter les plafonds par m\u00e8tre carr\u00e9 et par zone et se renseigner sur le coefficient multiplicateur en cas d\u2019augmentation.\u00a0<\/span><\/p>\n<p><strong>Une simple erreur et vous pourriez perdre vos avantages fiscaux en cas de contr\u00f4le.<\/strong><\/p>\n","protected":false},"excerpt":{"rendered":"<p>Lors d\u2019un investissement sous la loi Pinel, le logement doit r\u00e9pondre \u00e0 plusieurs crit\u00e8res impos\u00e9s : l\u2019appartement doit \u00eatre neuf, avec un emplacement en zone tendue comme d\u00e9finie par la loi, les locataires devront respecter un plafond de ressources et le propri\u00e9taire un plafond de loyer, la location devra \u00e9galement \u00eatre vide. Enfin, pour obtenir&hellip;<\/p>\n","protected":false},"author":8,"featured_media":11522,"comment_status":"closed","ping_status":"closed","sticky":false,"template":"","format":"standard","meta":[],"categories":[56],"tags":[],"yoast_head":"<!-- This site is optimized with the Yoast SEO plugin v19.13 - https:\/\/yoast.com\/wordpress\/plugins\/seo\/ -->\n<title>Quelles sont les surfaces annexes prises en compte par la loi Pinel ? - Gridky<\/title>\n<meta name=\"robots\" content=\"index, follow, max-snippet:-1, max-image-preview:large, max-video-preview:-1\" \/>\n<link rel=\"canonical\" href=\"https:\/\/www.gridky.com\/blog\/quelles-sont-les-surfaces-annexes-prises-en-compte-par-la-loi-pinel\/\" \/>\n<meta property=\"og:locale\" content=\"fr_FR\" \/>\n<meta property=\"og:type\" content=\"article\" \/>\n<meta property=\"og:title\" content=\"Quelles sont les surfaces annexes prises en compte par la loi Pinel ? - Gridky\" \/>\n<meta property=\"og:description\" content=\"Lors d\u2019un investissement sous la loi Pinel, le logement doit r\u00e9pondre \u00e0 plusieurs crit\u00e8res impos\u00e9s : l\u2019appartement doit \u00eatre neuf, avec un emplacement en zone tendue comme d\u00e9finie par la loi, les locataires devront respecter un plafond de ressources et le propri\u00e9taire un plafond de loyer, la location devra \u00e9galement \u00eatre vide. Enfin, pour obtenir&hellip;\" \/>\n<meta property=\"og:url\" content=\"https:\/\/www.gridky.com\/blog\/quelles-sont-les-surfaces-annexes-prises-en-compte-par-la-loi-pinel\/\" \/>\n<meta property=\"og:site_name\" content=\"Gridky blog\" \/>\n<meta property=\"article:published_time\" content=\"2021-01-20T11:25:26+00:00\" \/>\n<meta property=\"article:modified_time\" content=\"2023-09-26T13:44:02+00:00\" \/>\n<meta property=\"og:image\" content=\"https:\/\/www.gridky.com\/blog\/wp-content\/uploads\/2021\/01\/surface-annexe-pinel.jpg\" \/>\n\t<meta property=\"og:image:width\" content=\"1920\" \/>\n\t<meta property=\"og:image:height\" content=\"1280\" \/>\n\t<meta property=\"og:image:type\" content=\"image\/jpeg\" \/>\n<meta name=\"author\" content=\"Coralie\" \/>\n<meta name=\"twitter:card\" content=\"summary_large_image\" \/>\n<meta name=\"twitter:label1\" content=\"\u00c9crit par\" \/>\n\t<meta name=\"twitter:data1\" content=\"Coralie\" \/>\n\t<meta name=\"twitter:label2\" content=\"Dur\u00e9e de lecture estim\u00e9e\" \/>\n\t<meta name=\"twitter:data2\" content=\"4 minutes\" \/>\n<script type=\"application\/ld+json\" class=\"yoast-schema-graph\">{\"@context\":\"https:\/\/schema.org\",\"@graph\":[{\"@type\":\"WebPage\",\"@id\":\"https:\/\/www.gridky.com\/blog\/quelles-sont-les-surfaces-annexes-prises-en-compte-par-la-loi-pinel\/\",\"url\":\"https:\/\/www.gridky.com\/blog\/quelles-sont-les-surfaces-annexes-prises-en-compte-par-la-loi-pinel\/\",\"name\":\"Quelles sont les surfaces annexes prises en compte par la loi Pinel ? - Gridky\",\"isPartOf\":{\"@id\":\"https:\/\/www.gridky.com\/blog\/#website\"},\"datePublished\":\"2021-01-20T11:25:26+00:00\",\"dateModified\":\"2023-09-26T13:44:02+00:00\",\"author\":{\"@id\":\"https:\/\/www.gridky.com\/blog\/#\/schema\/person\/d7c5a67a810433ce07cba000c3857a36\"},\"breadcrumb\":{\"@id\":\"https:\/\/www.gridky.com\/blog\/quelles-sont-les-surfaces-annexes-prises-en-compte-par-la-loi-pinel\/#breadcrumb\"},\"inLanguage\":\"fr-FR\",\"potentialAction\":[{\"@type\":\"ReadAction\",\"target\":[\"https:\/\/www.gridky.com\/blog\/quelles-sont-les-surfaces-annexes-prises-en-compte-par-la-loi-pinel\/\"]}]},{\"@type\":\"BreadcrumbList\",\"@id\":\"https:\/\/www.gridky.com\/blog\/quelles-sont-les-surfaces-annexes-prises-en-compte-par-la-loi-pinel\/#breadcrumb\",\"itemListElement\":[{\"@type\":\"ListItem\",\"position\":1,\"name\":\"Accueil\",\"item\":\"https:\/\/www.gridky.com\/blog\/\"},{\"@type\":\"ListItem\",\"position\":2,\"name\":\"Quelles sont les surfaces annexes prises en compte par la loi Pinel ?\"}]},{\"@type\":\"WebSite\",\"@id\":\"https:\/\/www.gridky.com\/blog\/#website\",\"url\":\"https:\/\/www.gridky.com\/blog\/\",\"name\":\"Gridky blog\",\"description\":\"\",\"potentialAction\":[{\"@type\":\"SearchAction\",\"target\":{\"@type\":\"EntryPoint\",\"urlTemplate\":\"https:\/\/www.gridky.com\/blog\/?s={search_term_string}\"},\"query-input\":\"required name=search_term_string\"}],\"inLanguage\":\"fr-FR\"},{\"@type\":\"Person\",\"@id\":\"https:\/\/www.gridky.com\/blog\/#\/schema\/person\/d7c5a67a810433ce07cba000c3857a36\",\"name\":\"Coralie\",\"image\":{\"@type\":\"ImageObject\",\"inLanguage\":\"fr-FR\",\"@id\":\"https:\/\/www.gridky.com\/blog\/#\/schema\/person\/image\/\",\"url\":\"https:\/\/secure.gravatar.com\/avatar\/e8b800670471ba6f23ba45bd8806c96d?s=96&d=mm&r=g\",\"contentUrl\":\"https:\/\/secure.gravatar.com\/avatar\/e8b800670471ba6f23ba45bd8806c96d?s=96&d=mm&r=g\",\"caption\":\"Coralie\"}}]}<\/script>\n<!-- \/ Yoast SEO plugin. -->","yoast_head_json":{"title":"Quelles sont les surfaces annexes prises en compte par la loi Pinel ? - Gridky","robots":{"index":"index","follow":"follow","max-snippet":"max-snippet:-1","max-image-preview":"max-image-preview:large","max-video-preview":"max-video-preview:-1"},"canonical":"https:\/\/www.gridky.com\/blog\/quelles-sont-les-surfaces-annexes-prises-en-compte-par-la-loi-pinel\/","og_locale":"fr_FR","og_type":"article","og_title":"Quelles sont les surfaces annexes prises en compte par la loi Pinel ? - Gridky","og_description":"Lors d\u2019un investissement sous la loi Pinel, le logement doit r\u00e9pondre \u00e0 plusieurs crit\u00e8res impos\u00e9s : l\u2019appartement doit \u00eatre neuf, avec un emplacement en zone tendue comme d\u00e9finie par la loi, les locataires devront respecter un plafond de ressources et le propri\u00e9taire un plafond de loyer, la location devra \u00e9galement \u00eatre vide. Enfin, pour obtenir&hellip;","og_url":"https:\/\/www.gridky.com\/blog\/quelles-sont-les-surfaces-annexes-prises-en-compte-par-la-loi-pinel\/","og_site_name":"Gridky blog","article_published_time":"2021-01-20T11:25:26+00:00","article_modified_time":"2023-09-26T13:44:02+00:00","og_image":[{"width":1920,"height":1280,"url":"https:\/\/www.gridky.com\/blog\/wp-content\/uploads\/2021\/01\/surface-annexe-pinel.jpg","type":"image\/jpeg"}],"author":"Coralie","twitter_card":"summary_large_image","twitter_misc":{"\u00c9crit par":"Coralie","Dur\u00e9e de lecture estim\u00e9e":"4 minutes"},"schema":{"@context":"https:\/\/schema.org","@graph":[{"@type":"WebPage","@id":"https:\/\/www.gridky.com\/blog\/quelles-sont-les-surfaces-annexes-prises-en-compte-par-la-loi-pinel\/","url":"https:\/\/www.gridky.com\/blog\/quelles-sont-les-surfaces-annexes-prises-en-compte-par-la-loi-pinel\/","name":"Quelles sont les surfaces annexes prises en compte par la loi Pinel ? - Gridky","isPartOf":{"@id":"https:\/\/www.gridky.com\/blog\/#website"},"datePublished":"2021-01-20T11:25:26+00:00","dateModified":"2023-09-26T13:44:02+00:00","author":{"@id":"https:\/\/www.gridky.com\/blog\/#\/schema\/person\/d7c5a67a810433ce07cba000c3857a36"},"breadcrumb":{"@id":"https:\/\/www.gridky.com\/blog\/quelles-sont-les-surfaces-annexes-prises-en-compte-par-la-loi-pinel\/#breadcrumb"},"inLanguage":"fr-FR","potentialAction":[{"@type":"ReadAction","target":["https:\/\/www.gridky.com\/blog\/quelles-sont-les-surfaces-annexes-prises-en-compte-par-la-loi-pinel\/"]}]},{"@type":"BreadcrumbList","@id":"https:\/\/www.gridky.com\/blog\/quelles-sont-les-surfaces-annexes-prises-en-compte-par-la-loi-pinel\/#breadcrumb","itemListElement":[{"@type":"ListItem","position":1,"name":"Accueil","item":"https:\/\/www.gridky.com\/blog\/"},{"@type":"ListItem","position":2,"name":"Quelles sont les surfaces annexes prises en compte par la loi Pinel ?"}]},{"@type":"WebSite","@id":"https:\/\/www.gridky.com\/blog\/#website","url":"https:\/\/www.gridky.com\/blog\/","name":"Gridky blog","description":"","potentialAction":[{"@type":"SearchAction","target":{"@type":"EntryPoint","urlTemplate":"https:\/\/www.gridky.com\/blog\/?s={search_term_string}"},"query-input":"required name=search_term_string"}],"inLanguage":"fr-FR"},{"@type":"Person","@id":"https:\/\/www.gridky.com\/blog\/#\/schema\/person\/d7c5a67a810433ce07cba000c3857a36","name":"Coralie","image":{"@type":"ImageObject","inLanguage":"fr-FR","@id":"https:\/\/www.gridky.com\/blog\/#\/schema\/person\/image\/","url":"https:\/\/secure.gravatar.com\/avatar\/e8b800670471ba6f23ba45bd8806c96d?s=96&d=mm&r=g","contentUrl":"https:\/\/secure.gravatar.com\/avatar\/e8b800670471ba6f23ba45bd8806c96d?s=96&d=mm&r=g","caption":"Coralie"}}]}},"_links":{"self":[{"href":"https:\/\/www.gridky.com\/blog\/wp-json\/wp\/v2\/posts\/11521"}],"collection":[{"href":"https:\/\/www.gridky.com\/blog\/wp-json\/wp\/v2\/posts"}],"about":[{"href":"https:\/\/www.gridky.com\/blog\/wp-json\/wp\/v2\/types\/post"}],"author":[{"embeddable":true,"href":"https:\/\/www.gridky.com\/blog\/wp-json\/wp\/v2\/users\/8"}],"replies":[{"embeddable":true,"href":"https:\/\/www.gridky.com\/blog\/wp-json\/wp\/v2\/comments?post=11521"}],"version-history":[{"count":4,"href":"https:\/\/www.gridky.com\/blog\/wp-json\/wp\/v2\/posts\/11521\/revisions"}],"predecessor-version":[{"id":11559,"href":"https:\/\/www.gridky.com\/blog\/wp-json\/wp\/v2\/posts\/11521\/revisions\/11559"}],"wp:featuredmedia":[{"embeddable":true,"href":"https:\/\/www.gridky.com\/blog\/wp-json\/wp\/v2\/media\/11522"}],"wp:attachment":[{"href":"https:\/\/www.gridky.com\/blog\/wp-json\/wp\/v2\/media?parent=11521"}],"wp:term":[{"taxonomy":"category","embeddable":true,"href":"https:\/\/www.gridky.com\/blog\/wp-json\/wp\/v2\/categories?post=11521"},{"taxonomy":"post_tag","embeddable":true,"href":"https:\/\/www.gridky.com\/blog\/wp-json\/wp\/v2\/tags?post=11521"}],"curies":[{"name":"wp","href":"https:\/\/api.w.org\/{rel}","templated":true}]}}